{"provider_url": "https://www.bariri.sp.leg.br", "title": "Sess\u00e3o Ordin\u00e1ria - 20/09/2021", "html": "<h3 style=\"text-align: justify; \"><strong>Expediente</strong></h3>\r\n<p style=\"text-align: justify; \"><strong><br /></strong></p>\r\n<p style=\"text-align: justify; \"><strong>Projeto de Lei do Legislativo n\u00ba 22 de 2021</strong></p>\r\n<p style=\"text-align: justify; \">Autor: Paulo Egidio Grigolin\u00a0\u00a0\u00a0\u00a0\u00a0\u00a0\u00a0</p>\r\n<p style=\"text-align: justify; \">Normatiza a fiscaliza\u00e7\u00e3o no mau uso de \u00e1gua pela popula\u00e7\u00e3o em per\u00edodos de crise h\u00eddrica e d\u00e1 outras provid\u00eancias.</p>\r\n<p style=\"text-align: justify; \">\u00a0</p>\r\n<p style=\"text-align: justify; \"><strong>Mo\u00e7\u00e3o n\u00ba 64 de 2021</strong></p>\r\n<p style=\"text-align: justify; \">Autores: Paulo Egidio Grigolin, Benedito Antonio Franchini, Edcarlos Pereira dos Santos, Francisco Leandro Gonzalez, Julio Cesar Devides, Luis Renato Proti, Myrella Soares da Silva\u00a0\u00a0\u00a0</p>\r\n<p style=\"text-align: justify; \">Mo\u00e7\u00e3o de Pesar pelo falecimento do Senhor Valter Jos\u00e9 de Louren\u00e7o.</p>\r\n<p style=\"text-align: justify; \">\u00a0</p>\r\n<p style=\"text-align: justify; \"><strong>Mo\u00e7\u00e3o n\u00ba 66 de 2021</strong></p>\r\n<p style=\"text-align: justify; \">Autores: Benedito Antonio Franchini, Francisco Leandro Gonzalez, Julio Cesar Devides\u00a0</p>\r\n<p style=\"text-align: justify; \">Mo\u00e7\u00e3o de Pesar pelo falecimento do Senhor Celso Antonio Saltarelli.</p>\r\n<p style=\"text-align: justify; \">\u00a0</p>\r\n<p style=\"text-align: justify; \"><strong>Mo\u00e7\u00e3o n\u00ba 67 de 2021</strong></p>\r\n<p style=\"text-align: justify; \">Autor: Airton Luis Pegoraro\u00a0\u00a0\u00a0\u00a0\u00a0\u00a0\u00a0</p>\r\n<p style=\"text-align: justify; \">Mo\u00e7\u00e3o de Pesar pelo falecimento do Senhor Valter Jos\u00e9 de Louren\u00e7o</p>\r\n<p style=\"text-align: justify; \">\u00a0</p>\r\n<p style=\"text-align: justify; \"><strong>Mo\u00e7\u00e3o n\u00ba 68 de 2021</strong></p>\r\n<p style=\"text-align: justify; \">Autores: Edcarlos Pereira dos Santos, Airton Luis Pegoraro\u00a0\u00a0\u00a0\u00a0\u00a0\u00a0\u00a0\u00a0\u00a0</p>\r\n<p style=\"text-align: justify; \">Mo\u00e7\u00e3o n\u00ba 68/2021 de Aplauso para o Grupo Castra 10.</p>\r\n<p style=\"text-align: justify; \">\u00a0</p>\r\n<p style=\"text-align: justify; \"><strong>Indica\u00e7\u00e3o n\u00ba 100 de 2021</strong></p>\r\n<p style=\"text-align: justify; \">Autora: Myrella Soares da Silva</p>\r\n<p style=\"text-align: justify; \">Indica ao Exmo. Senhor Prefeito, atrav\u00e9s da autarquia SAEMBA, que sejam isentadas as tarifas de \u00e1gua e esgoto dos mun\u00edcipes que tiveram o abastecimento de \u00e1gua suspensos no m\u00eas de setembro do corrente ano.</p>\r\n<p style=\"text-align: justify; \">\u00a0</p>\r\n<p style=\"text-align: justify; \"><strong>Indica\u00e7\u00e3o n\u00ba 101 de 2021</strong></p>\r\n<p style=\"text-align: justify; \">Autora: Myrella Soares da Silva</p>\r\n<p style=\"text-align: justify; \">Indica ao Exmo. Senhor Prefeito, a possibilidade de recape asf\u00e1ltico da Av. Bahia, Vila S\u00e3o Jos\u00e9.</p>\r\n<p style=\"text-align: justify; \">\u00a0</p>\r\n<p style=\"text-align: justify; \"><strong>Indica\u00e7\u00e3o n\u00ba 102 de 2021</strong></p>\r\n<p style=\"text-align: justify; \">Autora: Myrella Soares da Silva</p>\r\n<p style=\"text-align: justify; \">Indica ao Exmo. Senhor Prefeito, atrav\u00e9s da autarquia SAEMBA, melhorias na Esta\u00e7\u00e3o de Tratamento de Esgoto, para diminui\u00e7\u00e3o do mau cheiro.</p>\r\n<p style=\"text-align: justify; \">\u00a0</p>\r\n<p style=\"text-align: justify; \"><strong>Indica\u00e7\u00e3o n\u00ba 103 de 2021</strong></p>\r\n<p style=\"text-align: justify; \">Autora: Myrella Soares da Silva</p>\r\n<p style=\"text-align: justify; \">Indica ao Exmo. Senhor Prefeito, atrav\u00e9s da Diretoria de Sa\u00fade, que disponibilize em car\u00e1ter de empr\u00e9stimo cadeiras de rodas, muletas, andadores e afins para pacientes em tratamento de curto prazo.</p>\r\n<p style=\"text-align: justify; \">\u00a0</p>\r\n<p style=\"text-align: justify; \"><strong>Indica\u00e7\u00e3o n\u00ba 104 de 2021</strong></p>\r\n<p style=\"text-align: justify; \">Autor: Airton Luis Pegoraro\u00a0\u00a0\u00a0\u00a0\u00a0\u00a0\u00a0</p>\r\n<p style=\"text-align: justify; \">Indica ao Exmo. Senhor Prefeito, que solicite ao SAEMBA, um estudo para a retirada da adutora que sai do manancial S\u00e3o Luis, do leito da marginal da SP 304, do in\u00edcio at\u00e9 o antigo Posto Caminhoneiro.</p>\r\n<p style=\"text-align: justify; \">\u00a0</p>\r\n<p style=\"text-align: justify; \"><strong>Indica\u00e7\u00e3o n\u00ba 105 de 2021</strong></p>\r\n<p style=\"text-align: justify; \">Autor: Airton Luis Pegoraro\u00a0\u00a0\u00a0\u00a0\u00a0\u00a0\u00a0</p>\r\n<p style=\"text-align: justify; \">Indica ao Exmo. Senhor Prefeito, que viabilize um local, em bairro n\u00e3o residencial, para servir de dep\u00f3sito de materiais recicl\u00e1veis, dispon\u00edveis aos catadores de recicl\u00e1veis da cidade.</p>\r\n<p style=\"text-align: justify; \">\u00a0</p>\r\n<p style=\"text-align: justify; \"><strong>Indica\u00e7\u00e3o n\u00ba 106 de 2021</strong></p>\r\n<p style=\"text-align: justify; \">Autor: Airton Luis Pegoraro\u00a0\u00a0\u00a0\u00a0\u00a0\u00a0\u00a0</p>\r\n<p style=\"text-align: justify; \">Indica ao Exmo. Senhor Prefeito, atrav\u00e9s da Diretoria de Desenvolvimento, em conjunto com o setor de Meio Ambiente, incentive empresas do ramo de recicl\u00e1veis a viabilizar suas atividades.</p>\r\n<p style=\"text-align: justify; \">\u00a0</p>\r\n<p style=\"text-align: justify; \"><strong>Indica\u00e7\u00e3o n\u00ba 107 de 2021</strong></p>\r\n<p style=\"text-align: justify; \">Autor: Edcarlos Pereira dos Santos\u00a0\u00a0\u00a0\u00a0\u00a0\u00a0\u00a0\u00a0\u00a0</p>\r\n<p style=\"text-align: justify; \">Indica que o Poder Executivo, atrav\u00e9s do setor de infraestrutura, realize servi\u00e7os de limpeza, recolhimento de entulhos e manuten\u00e7\u00e3o das vias, canteiros centrais e a \u00e1rea de Lazer do Parque Vale do Tiet\u00ea.</p>\r\n<p style=\"text-align: justify; \">\u00a0</p>\r\n<p style=\"text-align: justify; \"><strong>Requerimento n\u00ba 79 de 2021</strong></p>\r\n<p style=\"text-align: justify; \">Autora: Myrella Soares da Silva</p>\r\n<p style=\"text-align: justify; \">Requer que o Exmo. Prefeito, informe, atrav\u00e9s da Diretoria de Servi\u00e7o de Sa\u00fade, o n\u00famero dos atendimentos de Dermatologia no munic\u00edpio de Bariri de janeiro de 2021 at\u00e9 a presente data, especificando o profissional m\u00e9dico que os realizou.</p>\r\n<p style=\"text-align: justify; \">\u00a0</p>\r\n<p style=\"text-align: justify; \"><strong>Requerimento n\u00ba 80 de 2021</strong></p>\r\n<p style=\"text-align: justify; \">Autores: Edcarlos Pereira dos Santos, Francisco Leandro Gonzalez\u00a0\u00a0\u00a0\u00a0\u00a0\u00a0\u00a0\u00a0\u00a0\u00a0</p>\r\n<p style=\"text-align: justify; \">Requer que o Poder Executivo, atrav\u00e9s da Diretoria de Educa\u00e7\u00e3o, Cultura e Esporte, informe os projetos ne pedidos que est\u00e3o cadastrados no PAR 4, com os n\u00fameros de protocolos e datas de envio. O PAR 4 \u00e9 a ferramenta que os munic\u00edpios usam para fazer a comunica\u00e7\u00e3o com o Minist\u00e9rio da Educa\u00e7\u00e3o.</p>\r\n<p style=\"text-align: justify; \">\u00a0</p>\r\n<p style=\"text-align: justify; \"><strong>Requerimento n\u00ba 81 de 2021</strong></p>\r\n<p style=\"text-align: justify; \">Autor: Francisco Leandro Gonzalez\u00a0\u00a0\u00a0\u00a0\u00a0\u00a0\u00a0\u00a0</p>\r\n<p style=\"text-align: justify; \">Requer ao Sr. Prefeito que seja tomada provid\u00eancia emergencial mais eficaz para a falta de \u00e1gua no munic\u00edpio de Bariri, bem como sejam apresentados a este vereador informa\u00e7\u00f5es sobre melhorias no Planejamento dos Sistemas de Abastecimento de \u00c1gua.</p>\r\n<p style=\"text-align: justify; \">\u00a0</p>\r\n<p style=\"text-align: justify; \"><strong>Oradores do Expediente</strong></p>\r\n<p style=\"text-align: justify; \">1 - Edcarlos Pereira dos Santos</p>\r\n<p style=\"text-align: justify; \">2 - Luis Renato Proti</p>\r\n<p style=\"text-align: justify; \">3 - Paulo Egidio Grigolin</p>\r\n<p style=\"text-align: justify; \">4 - Francisco Leandro Gonzalez</p>\r\n<p style=\"text-align: justify; \">\u00a0</p>\r\n<h3 style=\"text-align: justify; \"><strong>Ordem do Dia</strong></h3>\r\n<p style=\"text-align: justify; \"><strong><br /></strong></p>\r\n<p style=\"text-align: justify; \">Projeto de Lei do Executivo n\u00ba 45 de 2021 - <strong>Aprovado por unanimidade</strong></p>\r\n<p style=\"text-align: justify; \">Projeto de Lei do Executivo n\u00ba 47 de 2021 - <strong>Aprovado por unanimidade</strong></p>\r\n<p style=\"text-align: justify; \">Projeto de Lei do Executivo n\u00ba 49 de 2021 - <strong>Aprovado por unanimidade</strong></p>\r\n<p style=\"text-align: justify; \">Projeto de Lei do Legislativo n\u00ba 19 de 2021 - <strong>Aprovado por unanimidade</strong></p>\r\n<p style=\"text-align: justify; \">\u00a0</p>\r\n<p style=\"text-align: justify; \"><strong>Link da Sess\u00e3o:</strong>\u00a0<a class=\"external-link\" href=\"https://youtu.be/Yfv0qDTxs7c\" target=\"_self\" title=\"\">https://youtu.be/Yfv0qDTxs7c</a></p>\r\n<p style=\"text-align: justify; \"><img src=\"https://www.bariri.sp.leg.br/copy21_of_1.png/@@images/7fcdb2c3-6d46-46eb-bc21-c283ce281c6f.png\" alt=\"\" class=\"image-inline\" title=\"\" /></p>\r\n<p style=\"text-align: justify; \"><img src=\"https://www.bariri.sp.leg.br/copy21_of_2.png/@@images/b57fda86-944c-45f0-892d-42e3d872c5c8.png\" alt=\"\" class=\"image-inline\" title=\"\" /></p>", "author_name": "", "version": "1.0", "author_url": "https://www.bariri.sp.leg.br/author/secretaria", "provider_name": "C\u00e2mara Municipal de Bariri", "type": "rich"}